{"id":8236,"date":"2019-01-11T13:26:53","date_gmt":"2019-01-11T12:26:53","guid":{"rendered":"http:\/\/www.hergegenootschap.nl\/wp2\/?p=8236"},"modified":"2020-07-07T11:04:35","modified_gmt":"2020-07-07T09:04:35","slug":"heeeel-veel-audio-en-video-over-kuifje-bij-rtbf","status":"publish","type":"post","link":"https:\/\/hergegenootschap.nl\/wp2\/2019\/01\/11\/heeeel-veel-audio-en-video-over-kuifje-bij-rtbf\/","title":{"rendered":"H\u00e9\u00e9\u00e9\u00e9l veel audio en video over Kuifje bij RTBF"},"content":{"rendered":"<p style=\"text-align: center;\"><em><strong>Door Jacques Heemskerk,\u00a0met dank aan Samy Herskowicz<\/strong><\/em><\/p>\n<p>Niet alleen gisteren,\u00a0 maar al sinds 2011!\u00a0Bij aanvang nog wat oppervlakkig, gaande weg krijgt het steeds meer inhoud.<\/p>\n<p>Ik pik er een paar uit:<\/p>\n<p>22 oktober 2011<\/p>\n<p><a href=\"https:\/\/www.rtbf.be\/auvio\/detail_les-differentes-adaptations-de-tintin-au-cinema?id=1338253\" target=\"_blank\" rel=\"noopener noreferrer\">Les diff\u00e9rentes adaptations de Tintin au cin\u00e9ma<\/a> met\u00a0Beno\u00eet Peeters<\/p>\n<p>1 april 2015<\/p>\n<p><a href=\"https:\/\/www.rtbf.be\/auvio\/detail_johan-de-moor-dessinera-le-25e-album-de-tintin?id=2005189\" target=\"_blank\" rel=\"noopener noreferrer\">Johan De Moor dessinera le 25e album de Tintin<\/a>, geinterviewd door Hugues Dayez<\/p>\n<p>19 oktober 2016<\/p>\n<p><a href=\"https:\/\/www.rtbf.be\/auvio\/detail_quelque-chose-en-nous-de-tintin?id=2151922\" target=\"_blank\" rel=\"noopener noreferrer\">Quelque chose en nous de Tintin<\/a>\u00a0Liefhebbers over Kuifje<\/p>\n<p>8 januari 2019<\/p>\n<p>&#8216;Un Jour dans l&#8217;Histoire&#8217; over\u00a0<a href=\"https:\/\/www.rtbf.be\/auvio\/detail_un-jour-dans-l-histoire?id=2444437&amp;cid=2444435\" target=\"_blank\" rel=\"noopener noreferrer\">L\u2019Abb\u00e9 Wallez<\/a> met <a href=\"https:\/\/hergegenootschap.nl\/wp2\/?s=marcel+wilmet\" target=\"_blank\" rel=\"noopener noreferrer\">Marcel Wilmet<\/a><\/p>\n<p>10 januari 2019<\/p>\n<p>Bernard Vandenhoute, van boekhandel &#8220;Multi BD&#8221;,\u00a0 Robert Vangeneberg (Herg\u00e9 museum), Hugues Dayez (Kuifje-kenner) en op de achtergrond de grote meester zelf, in\u00a0<a href=\"https:\/\/www.rtbf.be\/auvio\/detail_les-90-ans-de-tintin?id=2445831\" target=\"_blank\" rel=\"noopener noreferrer\">Les 90 ans de Tintin<\/a><\/p>\n<p style=\"text-align: center;\">Via deze <a href=\"https:\/\/www.rtbf.be\/auvio\/recherche?q=tintin\" target=\"_blank\" rel=\"noopener noreferrer\">link<\/a> kunt u ze allemaal terugzien. Heel veel plezier!<\/p>\n","protected":false},"excerpt":{"rendered":"<p>Door Jacques Heemskerk,\u00a0met dank aan Samy Herskowicz Niet alleen gisteren,\u00a0 maar al sinds 2011!\u00a0Bij aanvang nog wat oppervlakkig, gaande weg krijgt het steeds meer inhoud. Ik pik er een paar&hellip;<\/p>\n","protected":false},"author":1,"featured_media":1034,"comment_status":"open","ping_status":"closed","sticky":false,"template":"","format":"standard","meta":{"_lmt_disableupdate":"","_lmt_disable":"","_jetpack_memberships_contains_paid_content":false,"footnotes":""},"categories":[26,1],"tags":[],"class_list":["post-8236","post","type-post","status-publish","format-standard","has-post-thumbnail","hentry","category-90-jaar-kuifje","category-geen-categorie"],"jetpack_featured_media_url":"https:\/\/hergegenootschap.nl\/wp2\/wp-content\/uploads\/2017\/08\/hergegenootschap-.jpg","jetpack_sharing_enabled":true,"_links":{"self":[{"href":"https:\/\/hergegenootschap.nl\/wp2\/wp-json\/wp\/v2\/posts\/8236","targetHints":{"allow":["GET"]}}],"collection":[{"href":"https:\/\/hergegenootschap.nl\/wp2\/wp-json\/wp\/v2\/posts"}],"about":[{"href":"https:\/\/hergegenootschap.nl\/wp2\/wp-json\/wp\/v2\/types\/post"}],"author":[{"embeddable":true,"href":"https:\/\/hergegenootschap.nl\/wp2\/wp-json\/wp\/v2\/users\/1"}],"replies":[{"embeddable":true,"href":"https:\/\/hergegenootschap.nl\/wp2\/wp-json\/wp\/v2\/comments?post=8236"}],"version-history":[{"count":16,"href":"https:\/\/hergegenootschap.nl\/wp2\/wp-json\/wp\/v2\/posts\/8236\/revisions"}],"predecessor-version":[{"id":9466,"href":"https:\/\/hergegenootschap.nl\/wp2\/wp-json\/wp\/v2\/posts\/8236\/revisions\/9466"}],"wp:featuredmedia":[{"embeddable":true,"href":"https:\/\/hergegenootschap.nl\/wp2\/wp-json\/wp\/v2\/media\/1034"}],"wp:attachment":[{"href":"https:\/\/hergegenootschap.nl\/wp2\/wp-json\/wp\/v2\/media?parent=8236"}],"wp:term":[{"taxonomy":"category","embeddable":true,"href":"https:\/\/hergegenootschap.nl\/wp2\/wp-json\/wp\/v2\/categories?post=8236"},{"taxonomy":"post_tag","embeddable":true,"href":"https:\/\/hergegenootschap.nl\/wp2\/wp-json\/wp\/v2\/tags?post=8236"}],"curies":[{"name":"wp","href":"https:\/\/api.w.org\/{rel}","templated":true}]}}