{"id":8280,"date":"2019-01-13T11:26:51","date_gmt":"2019-01-13T10:26:51","guid":{"rendered":"http:\/\/www.hergegenootschap.nl\/wp2\/?p=8280"},"modified":"2019-01-13T12:22:57","modified_gmt":"2019-01-13T11:22:57","slug":"90-jaar-kuifje-in-de-media-4","status":"publish","type":"post","link":"https:\/\/hergegenootschap.nl\/wp2\/2019\/01\/13\/90-jaar-kuifje-in-de-media-4\/","title":{"rendered":"90 jaar Kuifje, in de media (4)"},"content":{"rendered":"<p style=\"text-align: center;\"><em><strong>Door Jacques Heemskerk,\u00a0met enorme dank aan Samy Herskowicz<\/strong><\/em><\/p>\n<p>Nog 1 keer dan. Omdat je slechts 1 maal 90 wordt en er toch weer een paar leuke en\/of interessante berichten tussen zitten.<br \/>\nPersoonlijk vond ik het interview met Herg\u00e9 uit de archieven van het <em>Institut national de l&#8217;audiovisuel,<\/em>\u00a0het stuk van\u00a0Beno\u00eet Peeters en natuurlijk het enthousiasme van Thomas Verbogt bij NPO 1 erg aardig.<\/p>\n<p><a href=\"https:\/\/hergegenootschap.nl\/wp2\/wp-content\/uploads\/2019\/01\/PETIT21e_A4_NL.jpg\" data-rel=\"penci-gallery-image-content\" ><img fetchpriority=\"high\" decoding=\"async\" class=\"aligncenter wp-image-8298\" src=\"https:\/\/hergegenootschap.nl\/wp2\/wp-content\/uploads\/2019\/01\/PETIT21e_A4_NL-212x300.jpg\" alt=\"\" width=\"416\" height=\"589\" srcset=\"https:\/\/hergegenootschap.nl\/wp2\/wp-content\/uploads\/2019\/01\/PETIT21e_A4_NL-212x300.jpg 212w, https:\/\/hergegenootschap.nl\/wp2\/wp-content\/uploads\/2019\/01\/PETIT21e_A4_NL-585x828.jpg 585w, https:\/\/hergegenootschap.nl\/wp2\/wp-content\/uploads\/2019\/01\/PETIT21e_A4_NL.jpg 622w\" sizes=\"(max-width: 416px) 100vw, 416px\" \/><\/a><\/p>\n<ul>\n<li><a href=\"https:\/\/plusmagazine.knack.be\/vrijetijd\/negentigste-verjaardag-kuifje-wordt-gevierd-in-binnen-en-buitenland\/article-normal-1415525.html\" target=\"_blank\" rel=\"noopener\">Negentigste verjaardag Kuifje wordt gevierd in binnen- en buitenland<\/a>\u00a0in\u00a0PLUSmagazine<\/li>\n<li>bruzz:\u00a0<a href=\"https:\/\/www.bruzz.be\/uit\/event\/kuifje-90-jaar-geliefd-en-veelbesproken-2019-01-10\" target=\"_blank\" rel=\"noopener\">Kuifje: 90 jaar geliefd en veelbesproken<\/a><\/li>\n<li><a href=\"https:\/\/www.gelderlander.nl\/thomas-verbogt\/of-ik-vroeg-op-wilde-staan-voor-kuifje~ae54d214\/\" target=\"_blank\" rel=\"noopener\">Of ik vroeg op wilde staan voor Kuifje?<\/a>\u00a0Thomas Verbogt in de Gelderlander<\/li>\n<li><a href=\"https:\/\/www.noordhollandsdagblad.nl\/cnt\/dmf20190110_81952639\/brouwers-van-kuifje-genietschap-uit-hoorn-de-blauwe-lotus-past-op-een-literatuurlijst?utm_source=google&amp;utm_medium=organic\" target=\"_blank\" rel=\"noopener\">\u2019De blauwe lotus\u2019 past op een literatuurlijst\u2019<\/a>\u00a0Carel Brouwers van het\u00a0<a href=\"https:\/\/hergegenootschap.nl\/wp2\/2016\/01\/31\/westfries-kuifje-genietschap-vooral-gezellige-kuifjeclub\/\" target=\"_blank\" rel=\"noopener\">Westfries Kuifje Genietschap<\/a><br \/>\nin het\u00a0Noordhollands Dagblad<\/li>\n<li>NPO radio 1:\u00a0<a href=\"https:\/\/www.nporadio1.nl\/nieuwsweekend\/onderwerpen\/486811-geen-tintin-maar-granieten-jubileum-voor-kuifje\" target=\"_blank\" rel=\"noopener\">Geen tintin maar granieten jubileum voor Kuifje<\/a>\u00a0met Thomas Verbogt<\/li>\n<\/ul>\n<p><a href=\"https:\/\/hergegenootschap.nl\/wp2\/wp-content\/uploads\/2019\/01\/metro-nl.png\" data-rel=\"penci-gallery-image-content\" ><img decoding=\"async\" class=\"aligncenter wp-image-8295\" src=\"https:\/\/hergegenootschap.nl\/wp2\/wp-content\/uploads\/2019\/01\/metro-nl-300x215.png\" alt=\"\" width=\"562\" height=\"403\" srcset=\"https:\/\/hergegenootschap.nl\/wp2\/wp-content\/uploads\/2019\/01\/metro-nl-300x215.png 300w, https:\/\/hergegenootschap.nl\/wp2\/wp-content\/uploads\/2019\/01\/metro-nl-768x549.png 768w, https:\/\/hergegenootschap.nl\/wp2\/wp-content\/uploads\/2019\/01\/metro-nl-585x418.png 585w, https:\/\/hergegenootschap.nl\/wp2\/wp-content\/uploads\/2019\/01\/metro-nl.png 1008w\" sizes=\"(max-width: 562px) 100vw, 562px\" \/><\/a><\/p>\n<p style=\"text-align: center;\">Metro:\u00a0<a href=\"https:\/\/www.metronieuws.nl\/in-het-nieuws\/2019\/01\/kuifje-al-90-jaar-in-het-collectief-geheugen\" target=\"_blank\" rel=\"noopener\">Kuifje al 90-jaar in het collectief geheugen<\/a><\/p>\n<p><a href=\"https:\/\/hergegenootschap.nl\/wp2\/wp-content\/uploads\/2019\/01\/1547191537446.jpg\" data-rel=\"penci-gallery-image-content\" ><img decoding=\"async\" class=\"aligncenter wp-image-8287\" src=\"https:\/\/hergegenootschap.nl\/wp2\/wp-content\/uploads\/2019\/01\/1547191537446-300x169.jpg\" alt=\"\" width=\"396\" height=\"223\" srcset=\"https:\/\/hergegenootschap.nl\/wp2\/wp-content\/uploads\/2019\/01\/1547191537446-300x169.jpg 300w, https:\/\/hergegenootschap.nl\/wp2\/wp-content\/uploads\/2019\/01\/1547191537446.jpg 326w\" sizes=\"(max-width: 396px) 100vw, 396px\" \/><\/a><\/p>\n<p style=\"text-align: center;\"><em>Alacarta<\/em> (Catalunya)\u00a0<a href=\"https:\/\/www.ccma.cat\/tv3\/alacarta\/la-nit-dels-oscars\/la-nit-dels-oscars-10012019\/video\/5812211\/?fbclid=IwAR31qvea3x2L6fNLgbOBSMPBGWwURJyrnLQ1dpeeGIVnXlJpUXXVAs64Cs0\" target=\"_blank\" rel=\"noopener\">La Nit dels \u00d2scars<\/a>\u00a0Kuifje op zijn 90e (na 8 minuten)<\/p>\n<p><a href=\"https:\/\/hergegenootschap.nl\/wp2\/wp-content\/uploads\/2019\/01\/DH.png\" data-rel=\"penci-gallery-image-content\" ><img loading=\"lazy\" decoding=\"async\" class=\"wp-image-8305 alignleft\" src=\"https:\/\/hergegenootschap.nl\/wp2\/wp-content\/uploads\/2019\/01\/DH-219x300.png\" alt=\"\" width=\"271\" height=\"371\" srcset=\"https:\/\/hergegenootschap.nl\/wp2\/wp-content\/uploads\/2019\/01\/DH-219x300.png 219w, https:\/\/hergegenootschap.nl\/wp2\/wp-content\/uploads\/2019\/01\/DH-585x800.png 585w, https:\/\/hergegenootschap.nl\/wp2\/wp-content\/uploads\/2019\/01\/DH.png 615w\" sizes=\"(max-width: 271px) 100vw, 271px\" \/><\/a><\/p>\n<p><a href=\"https:\/\/hergegenootschap.nl\/wp2\/wp-content\/uploads\/2019\/01\/la-capitale.png\" data-rel=\"penci-gallery-image-content\" ><img loading=\"lazy\" decoding=\"async\" class=\"alignnone wp-image-8306\" src=\"https:\/\/hergegenootschap.nl\/wp2\/wp-content\/uploads\/2019\/01\/la-capitale-300x276.png\" alt=\"\" width=\"372\" height=\"343\" srcset=\"https:\/\/hergegenootschap.nl\/wp2\/wp-content\/uploads\/2019\/01\/la-capitale-300x276.png 300w, https:\/\/hergegenootschap.nl\/wp2\/wp-content\/uploads\/2019\/01\/la-capitale.png 485w\" sizes=\"(max-width: 372px) 100vw, 372px\" \/><\/a><\/p>\n<p>&nbsp;<\/p>\n<ul>\n<li><a href=\"https:\/\/www.youtube.com\/watch?v=hZyFm9y5raI\" target=\"_blank\" rel=\"noopener\">Tintin turns 90: A look at the China connection<\/a><\/li>\n<li>SWR1:\u00a0<a href=\"https:\/\/www.swr.de\/swr1\/rp\/programm\/90-die-schattenseite-von-tim-und-struppi\/-\/id=446640\/did=23174846\/nid=446640\/1c9wheq\/index.html\" target=\"_blank\" rel=\"noopener\">90. Geburtstag des Kult-Comics Die Schattenseite von Tim und Struppi<\/a><\/li>\n<li><a href=\"https:\/\/www.deutschlandfunk.de\/90-jahre-tim-und-struppi-politisch-ideologisch-kritikwuerdig.807.de.html?dram:article_id=437980\" target=\"_blank\" rel=\"noopener\">90 Jahre \u201eTim und Struppi\u201c Politisch-ideologisch kritikw\u00fcrdig<\/a>\u00a0bij Deutschlandfunk<\/li>\n<li>BR24:\u00a0<a href=\"https:\/\/www.br.de\/nachrichten\/kultur\/warum-tim-und-struppi-zu-belgiens-dns-gehoeren,REkHjhq\" target=\"_blank\" rel=\"noopener\">Warum &#8220;Tim und Struppi&#8221; zu Belgiens DNS geh\u00f6ren<\/a><\/li>\n<li>La voz de Galicia:\u00a0<a href=\"https:\/\/www.lavozdegalicia.es\/noticia\/cultura\/2019\/01\/10\/tintin-cumple-90-anos-vuelve-congo\/0003_201901G10P36991.htm\" target=\"_blank\" rel=\"noopener\">Tint\u00edn cumple 90 a\u00f1os y vuelve al Congo<\/a><\/li>\n<li><a href=\"https:\/\/www.francetvinfo.fr\/economie\/emploi\/metiers\/art-culture-edition\/tintin-fete-ses-90-ans_3139001.html?fbclid=IwAR3aMcyMyqrYPag4OLcYZtEBQlQekf4umYBPgSGHQDY1U00gTIVmXOtCwSM\" target=\"_blank\" rel=\"noopener\">Tintin f\u00eate ses 90 ans<\/a>\u00a0in France info<\/li>\n<li>l&#8217;avenir.net:\u00a0<a href=\"https:\/\/www.lavenir.net\/cnt\/dmf20190109_01279372\/ils-ont-tous-une-bonne-part-de-tintin-en-eux?utm_medium=SocialALLFB&amp;utm_source=Facebook&amp;fbclid=IwAR2W76CmMGFK-gVC8p84sHaJJJeDPS08X8FiUwI9wErHy3dVmiDw-LIspm8#Echobox=1547134441\" target=\"_blank\" rel=\"noopener\">Robert, fan de Tintin, nous fait d\u00e9couvrir les perles de sa collection<\/a><\/li>\n<li><a href=\"https:\/\/www.lematin.ch\/culture\/En-2019-Tintin-va-decrocher-la-Lune\/story\/27605883?fbclid=IwAR1d2jenfb5IEQSXt8xKZzhgFc5r6C5-CUmIdxS-9CZbqnOF1_RF0aYT85c\" target=\"_blank\" rel=\"noopener\">EN 2019, TINTIN VA D\u00c9CROCHER LA LUNE<\/a>\u00a0Le Matin<\/li>\n<li>France info:\u00a0<a href=\"https:\/\/www.francetvinfo.fr\/culture\/bd\/collabo-businessman-et-entremetteur-l-abbe-wallez-le-sulfureux-second-pere-detintin_3128051.html\" target=\"_blank\" rel=\"noopener\">Collabo, businessman et entremetteur : l&#8217;abb\u00e9 Wallez, le sulfureux &#8220;second p\u00e8re&#8221; de Tintin<\/a><\/li>\n<li>RTL info:\u00a0<a href=\"https:\/\/www.rtl.be\/info\/Video\/694245.aspx\" target=\"_blank\" rel=\"noopener\">Tintin f\u00eate ses 90 ans !<\/a><\/li>\n<li>Radio Canada:\u00a0<a href=\"https:\/\/ici.radio-canada.ca\/nouvelle\/1145788\/bd-tintin-herge-belgique-quebec-archives\" target=\"_blank\" rel=\"noopener\">Herg\u00e9, cr\u00e9ateur de Tintin, de la Belgique au Qu\u00e9bec<\/a><\/li>\n<li><a href=\"https:\/\/www.dailymotion.com\/video\/x70dzn4?fbclid=IwAR0IGtkTdbmzw46f_KYE5Ozc5d6413LYM8kx5d3PHtZS5I0iAMskHIByH24\" target=\"_blank\" rel=\"noopener\">Tintin f\u00eate ses 90 ans<\/a>\u00a0bij C NEWS<\/li>\n<li>SVT:\u00a0<a href=\"https:\/\/www.svt.se\/kultur\/tintin-fyller-90-experten-svarar-pa-tre-vanliga-fragor-om-seriefiguren?fbclid=IwAR399O65vu1Q_4LHf3VLIZHH4SsLueQ5scw4PusosamwCle-s0NmxhpbzV0\" target=\"_blank\" rel=\"noopener\">Tintin fyller 90 \u2013 experten svarar p\u00e5 tre vanliga fr\u00e5gor om seriefiguren<\/a><\/li>\n<li><a href=\"https:\/\/sicnoticias.sapo.pt\/cultura\/2019-01-09-Personagem-de-banda-desenhada-Tintim-faz-90-anos?fbclid=IwAR1gr38sopXNwf4YfvAbh4Drv0HFfW8iPQ_yqLWS-joB68MGPvgd8VAjWyM\" target=\"_blank\" rel=\"noopener\">Personagem de banda desenhada Tintim faz 90 anos<\/a>\u00a0&#8211; SIC noticias<\/li>\n<\/ul>\n<p><a href=\"https:\/\/hergegenootschap.nl\/wp2\/wp-content\/uploads\/2019\/01\/metro-rio.png\" data-rel=\"penci-gallery-image-content\" ><img loading=\"lazy\" decoding=\"async\" class=\"alignleft wp-image-8301\" src=\"https:\/\/hergegenootschap.nl\/wp2\/wp-content\/uploads\/2019\/01\/metro-rio-252x300.png\" alt=\"\" width=\"342\" height=\"407\" srcset=\"https:\/\/hergegenootschap.nl\/wp2\/wp-content\/uploads\/2019\/01\/metro-rio-252x300.png 252w, https:\/\/hergegenootschap.nl\/wp2\/wp-content\/uploads\/2019\/01\/metro-rio.png 673w, https:\/\/hergegenootschap.nl\/wp2\/wp-content\/uploads\/2019\/01\/metro-rio-585x695.png 585w\" sizes=\"(max-width: 342px) 100vw, 342px\" \/><\/a><\/p>\n<p><a href=\"https:\/\/hergegenootschap.nl\/wp2\/wp-content\/uploads\/2019\/01\/metro-rio.png\">\u00a0\u00a0\u00a0<\/a><a href=\"https:\/\/hergegenootschap.nl\/wp2\/wp-content\/uploads\/2019\/01\/la-vanguardia-culturas.png\" data-rel=\"penci-gallery-image-content\" ><img loading=\"lazy\" decoding=\"async\" class=\"alignnone wp-image-8289\" src=\"https:\/\/hergegenootschap.nl\/wp2\/wp-content\/uploads\/2019\/01\/la-vanguardia-culturas-239x300.png\" alt=\"\" width=\"278\" height=\"349\" srcset=\"https:\/\/hergegenootschap.nl\/wp2\/wp-content\/uploads\/2019\/01\/la-vanguardia-culturas-239x300.png 239w, https:\/\/hergegenootschap.nl\/wp2\/wp-content\/uploads\/2019\/01\/la-vanguardia-culturas.png 428w\" sizes=\"(max-width: 278px) 100vw, 278px\" \/><\/a><\/p>\n<p>&nbsp;<\/p>\n<p>&nbsp;<\/p>\n<ul>\n<li>Empord\u00e0:\u00a0<a href=\"https:\/\/www.emporda.info\/cultura\/2019\/01\/10\/figueres-commemora-90e-aniversari-tintin\/419346.html\" target=\"_blank\" rel=\"noopener\">Figueres commemora el 90\u00e8 aniversari de Tint\u00edn amb la xerrada &#8216;Tint\u00edn, ara Pla!&#8217;<\/a>en\u00a0<a href=\"https:\/\/www.emporda.info\/cultura\/2019\/01\/11\/90e-aniversari-tintin-sha-celebrat\/419437.html\" target=\"_blank\" rel=\"noopener\">El 90\u00e8 aniversari de Tint\u00edn s&#8217;ha celebrat amb una xerrada sobre la seva relaci\u00f3 amb Pla<\/a><\/li>\n<li><a href=\"https:\/\/www.ara.cat\/comarquesgironines\/Periodisme-aventurer-boina-tupe_0_2159184088.html\" target=\"_blank\" rel=\"noopener\">Periodisme aventurer sota la boina i el tup\u00e8<\/a>\u00a0op ara.cat<\/li>\n<li>Op Sveriges Radio:\u00a0<a href=\"https:\/\/sverigesradio.se\/sida\/avsnitt\/1213076?programid=4425&amp;fbclid=IwAR3FkAnPAap9_c5pGQoj24Etfl_MOXCf5cfxvPbB_ZibZSAYOjoqgQLEnSY\" target=\"_blank\" rel=\"noopener\">Hitta g\u00f6md Tintin och vinn en P2-mugg<\/a> en\u00a0<a href=\"https:\/\/sverigesradio.se\/sida\/artikel.aspx?programid=1650&amp;artikel=7128638&amp;fbclid=IwAR3Ide2JnmnAKS5WYILb6128lPfjYS8qmu3RsYisHXi1Qs8fgfP1nls_K0c\" target=\"_blank\" rel=\"noopener\">Tintin fyller 90 \u00e5r<\/a><\/li>\n<li><a href=\"https:\/\/www.dn.se\/kultur-noje\/anna-lena-lauren-tintins-sovjetunionen-stamde-ratt-val-med-verkligheten\/?fbclid=IwAR3YFQXgkHgqZtufHXzy9g6yk-q_GJmCCxIwy0WTJrGT2QWzG_lSmVOy4mE\" target=\"_blank\" rel=\"noopener\">Tintins Sovjetunionen st\u00e4mde r\u00e4tt v\u00e4l med verkligheten<\/a>\u00a0bij Dagens Nyheter<\/li>\n<li>bx1:\u00a0<a href=\"https:\/\/bx1.be\/emission\/m-mag-de-redac-207\/?fbclid=IwAR3OGD5-tFxpgn-ng7cDdqZhDmE00S_v_q1TUskRZEf4JJUeAsF-8wLnhMo\" target=\"_blank\" rel=\"noopener\">90 ans de Tintin<\/a>\u00a0met Philippe Goddin en\u00a0Barly Baruti (start op 14 minuten)<\/li>\n<li>7sur7:\u00a0<a href=\"https:\/\/www.7sur7.be\/7s7\/fr\/1531\/Culture\/article\/detail\/3513597\/2019\/01\/10\/Les-festivites-prevues-pour-les-90-ans-de-Tintin.dhtml\" target=\"_blank\" rel=\"noopener\">Les festivit\u00e9s pr\u00e9vues pour les 90 ans de Tintin<\/a><\/li>\n<li><a href=\"https:\/\/diacritik.com\/2019\/01\/10\/benoit-peeters-grandeur-dherge\/\" target=\"_blank\" rel=\"noopener\">Beno\u00eet Peeters : Grandeur d\u2019Herg\u00e9<\/a>\u00a0in Diacritik<\/li>\n<li>France Inter\u00a0<a href=\"https:\/\/www.franceinter.fr\/emissions\/le-nouveau-rendez-vous\/le-nouveau-rendez-vous-09-janvier-2019?fbclid=IwAR27qruYRbFLP96uqySdwoAx8rRapAckTTAnKcti3Q9Bvdk1ysoFgNxoI7s\" target=\"_blank\" rel=\"noopener\">Tintin, 90 ans et pas une ride<\/a><\/li>\n<li><a href=\"https:\/\/www.letelegramme.fr\/soir\/brest-tintin-un-univers-a-part-entiere-09-01-2019-12178865.php\" target=\"_blank\" rel=\"noopener\">Michel Aroutcheff. &#8220;Tintin ? Un univers \u00e0 part enti\u00e8re&#8221;<\/a>\u00a0&#8211;\u00a0Le\u00a0T\u00e9l\u00e9gramme Soir<\/li>\n<li>Ina:\u00a0<a href=\"https:\/\/www.ina.fr\/video\/I19004035\/la-naissance-de-tintin-video.html\" target=\"_blank\" rel=\"noopener\">La naissance de Tintin<\/a><\/li>\n<li>BFM TV:\u00a0<a href=\"https:\/\/www.bfmtv.com\/culture\/tintin-a-90-ans-decouvrez-le-thermozero-son-aventure-inachevee-1607708.html?fbclid=IwAR2ub7FkwmpFYU_FgpfcCHzAPfDa3GPn_dQPUa7E8TlDbDoDkLrilmbikzs\" target=\"_blank\" rel=\"noopener\">Tintin a 90 ans: d\u00e9couvrez Le Thermoz\u00e9ro, son aventure inachev\u00e9e<\/a><\/li>\n<li><a href=\"https:\/\/www.rtbf.be\/info\/societe\/detail_tintin-fete-ses-90-ans-aujourd-hui-un-nonagenaire-devenu-culte-qui-continue-a-tres-bien-se-vendre?id=10114414&amp;utm_source=rtbfinfo&amp;utm_campaign=social_share&amp;utm_medium=fb_share&amp;fbclid=IwAR1DRG7PrS0boqIeGPDit5bcCfFezQv3Xcc9_ULkJcTpeo35it8m4GD1rT4\" target=\"_blank\" rel=\"noopener\">Tintin f\u00eate ses 90 ans aujourd&#8217;hui: un nonag\u00e9naire devenu culte qui continue \u00e0 tr\u00e8s bien se vendre<\/a>\u00a0bij RTBF<\/li>\n<\/ul>\n<p style=\"text-align: center;\">en dan tenslotte nog even\u00a0<a href=\"https:\/\/www.francetvinfo.fr\/culture\/bd\/tintin-a-90-ans-si-vous-avez-25-30-a-ce-quiz-vous-etes-le-capitaine-haddock_3134909.html?fbclid=IwAR1hLSMHFt66eWJh-roHGpJpMxmLT4AcDrIJGVPEh4_no1uj-zSS9DKcj80\" target=\"_blank\" rel=\"noopener\">Tintin a 90 ans : si vous avez 25\/30 \u00e0 ce quiz, vous \u00eates le capitaine Haddock<\/a> &#8230;.<\/p>\n<p style=\"text-align: center;\">U kunt de afbeeldingen vergroten door er op op te klikken<\/p>\n","protected":false},"excerpt":{"rendered":"<p>Door Jacques Heemskerk,\u00a0met enorme dank aan Samy Herskowicz Nog 1 keer dan. Omdat je slechts 1 maal 90 wordt en er toch weer een paar leuke en\/of interessante berichten tussen&hellip;<\/p>\n","protected":false},"author":1,"featured_media":8287,"comment_status":"open","ping_status":"closed","sticky":false,"template":"","format":"standard","meta":{"_lmt_disableupdate":"","_lmt_disable":"","_jetpack_memberships_contains_paid_content":false,"footnotes":""},"categories":[26],"tags":[],"class_list":["post-8280","post","type-post","status-publish","format-standard","has-post-thumbnail","hentry","category-90-jaar-kuifje"],"jetpack_featured_media_url":"https:\/\/hergegenootschap.nl\/wp2\/wp-content\/uploads\/2019\/01\/1547191537446.jpg","jetpack_sharing_enabled":true,"_links":{"self":[{"href":"https:\/\/hergegenootschap.nl\/wp2\/wp-json\/wp\/v2\/posts\/8280","targetHints":{"allow":["GET"]}}],"collection":[{"href":"https:\/\/hergegenootschap.nl\/wp2\/wp-json\/wp\/v2\/posts"}],"about":[{"href":"https:\/\/hergegenootschap.nl\/wp2\/wp-json\/wp\/v2\/types\/post"}],"author":[{"embeddable":true,"href":"https:\/\/hergegenootschap.nl\/wp2\/wp-json\/wp\/v2\/users\/1"}],"replies":[{"embeddable":true,"href":"https:\/\/hergegenootschap.nl\/wp2\/wp-json\/wp\/v2\/comments?post=8280"}],"version-history":[{"count":52,"href":"https:\/\/hergegenootschap.nl\/wp2\/wp-json\/wp\/v2\/posts\/8280\/revisions"}],"predecessor-version":[{"id":8352,"href":"https:\/\/hergegenootschap.nl\/wp2\/wp-json\/wp\/v2\/posts\/8280\/revisions\/8352"}],"wp:featuredmedia":[{"embeddable":true,"href":"https:\/\/hergegenootschap.nl\/wp2\/wp-json\/wp\/v2\/media\/8287"}],"wp:attachment":[{"href":"https:\/\/hergegenootschap.nl\/wp2\/wp-json\/wp\/v2\/media?parent=8280"}],"wp:term":[{"taxonomy":"category","embeddable":true,"href":"https:\/\/hergegenootschap.nl\/wp2\/wp-json\/wp\/v2\/categories?post=8280"},{"taxonomy":"post_tag","embeddable":true,"href":"https:\/\/hergegenootschap.nl\/wp2\/wp-json\/wp\/v2\/tags?post=8280"}],"curies":[{"name":"wp","href":"https:\/\/api.w.org\/{rel}","templated":true}]}}